{"id":15567,"date":"2024-04-03T06:57:27","date_gmt":"2024-04-03T06:57:27","guid":{"rendered":"https:\/\/mgagroup.bg\/parvata-kopka-na-v-park-2\/"},"modified":"2024-04-03T07:18:26","modified_gmt":"2024-04-03T07:18:26","slug":"v-park-2-ilk-kazma","status":"publish","type":"post","link":"https:\/\/mgagroup.bg\/tr\/v-park-2-ilk-kazma\/","title":{"rendered":"V Park 2 \u0130lk Kazma"},"content":{"rendered":"\n<p>Heyecan verici bir etkinlik, \u015fehrin mimari sil\u00fcetinde yeni bir d\u00f6n\u00fcm noktas\u0131 olmas\u0131 beklenen yeni konut kompleksi V Park 2&#8217;nin in\u015faat\u0131n\u0131n ba\u015flang\u0131c\u0131n\u0131 i\u015faret etti. \u0130lk kazma t\u00f6reni, proje ger\u00e7ekle\u015ftirilmesinin ba\u015flang\u0131c\u0131n\u0131 simgeliyor ve gelecekteki sakinlerine sadece konut de\u011fil, en y\u00fcksek konfor ve rahatl\u0131k standartlar\u0131n\u0131 kar\u015f\u0131layan evler sunmay\u0131 hedefliyor.<\/p>\n\n\n\n<p>Etkinlik, bu \u00f6nemli projenin ba\u015flang\u0131c\u0131 i\u00e7in heyecanlar\u0131n\u0131 payla\u015fan yat\u0131r\u0131mc\u0131lar, in\u015faat \u015firketinin temsilcileri ve mimarlar ile kutland\u0131. \u015eehrin stratejik bir konumunda yer alan V Park 2, \u015fehrin dinamizmi ile ki\u015fisel alan\u0131n huzurunu dengeleyen benzersiz bir ya\u015fam ortam\u0131 sunmay\u0131 vaat ediyor.<\/p>\n\n\n\n<p>V Park 2, sadece bir evden daha fazlas\u0131 olmay\u0131 hedefliyor &#8211; modern bireylerin rahatlama, g\u00fcvenlik ve memnuniyet i\u00e7in s\u0131\u011f\u0131na\u011f\u0131n\u0131 bulabilece\u011fi bir yer olarak d\u00fc\u015f\u00fcn\u00fclm\u00fc\u015ft\u00fcr. \u0130lk kazma t\u00f6reni, bu vizyonun somutla\u015ft\u0131r\u0131lmas\u0131na do\u011fru at\u0131lan ilk ad\u0131m olup, her tu\u011fla konuldu\u011funda geli\u015fmeye devam edecek.<\/p>\n\n\n\n<figure class=\"wp-block-video aligncenter full-video\"><video height=\"478\" style=\"aspect-ratio: 848 \/ 478;\" width=\"848\" controls src=\"https:\/\/mgagroup.bg\/wp-content\/uploads\/2024\/04\/purva-kopka-video-v-park-2.mp4\"><\/video><\/figure>\n\n\n\n<div class=\"wp-block-columns is-layout-flex wp-container-core-columns-is-layout-9d6595d7 wp-block-columns-is-layout-flex\">\n<div class=\"wp-block-column is-layout-flow wp-block-column-is-layout-flow\">\n<figure class=\"wp-block-video half-video\"><video height=\"850\" style=\"aspect-ratio: 478 \/ 850;\" width=\"478\" controls src=\"https:\/\/mgagroup.bg\/wp-content\/uploads\/2024\/04\/whatsapp-video-2024-03-25-at-16.00.29-1.mp4\"><\/video><\/figure>\n<\/div>\n\n\n\n<div class=\"wp-block-column is-layout-flow wp-block-column-is-layout-flow\">\n<figure class=\"wp-block-video half-video\"><video height=\"850\" style=\"aspect-ratio: 478 \/ 850;\" width=\"478\" controls src=\"https:\/\/mgagroup.bg\/wp-content\/uploads\/2024\/04\/whatsapp-video-2024-03-25-at-16.00.29-2.mp4\"><\/video><\/figure>\n<\/div>\n<\/div>\n","protected":false},"excerpt":{"rendered":"<p>Heyecan verici bir etkinlik, \u015fehrin mimari sil\u00fcetinde yeni bir d\u00f6n\u00fcm noktas\u0131 olmas\u0131 beklenen yeni konut kompleksi V Park 2&#8217;nin in\u015faat\u0131n\u0131n ba\u015flang\u0131c\u0131n\u0131 i\u015faret etti. \u0130lk kazma t\u00f6reni, proje ger\u00e7ekle\u015ftirilmesinin ba\u015flang\u0131c\u0131n\u0131 simgeliyor ve gelecekteki sakinlerine sadece konut de\u011fil, en y\u00fcksek konfor ve rahatl\u0131k standartlar\u0131n\u0131 kar\u015f\u0131layan evler sunmay\u0131 hedefliyor. Etkinlik, bu \u00f6nemli projenin ba\u015flang\u0131c\u0131 i\u00e7in heyecanlar\u0131n\u0131 payla\u015fan yat\u0131r\u0131mc\u0131lar, [&hellip;]<\/p>\n","protected":false},"author":4,"featured_media":15529,"comment_status":"open","ping_status":"open","sticky":false,"template":"","format":"standard","meta":{"footnotes":""},"categories":[36305],"tags":[],"buildings":[33323],"company":[36591],"yst_prominent_words":[],"class_list":["post-15567","post","type-post","status-publish","format-standard","has-post-thumbnail","hentry","category-haberler","company-mga-group-tr"],"acf":[],"_links":{"self":[{"href":"https:\/\/mgagroup.bg\/tr\/wp-json\/wp\/v2\/posts\/15567","targetHints":{"allow":["GET"]}}],"collection":[{"href":"https:\/\/mgagroup.bg\/tr\/wp-json\/wp\/v2\/posts"}],"about":[{"href":"https:\/\/mgagroup.bg\/tr\/wp-json\/wp\/v2\/types\/post"}],"author":[{"embeddable":true,"href":"https:\/\/mgagroup.bg\/tr\/wp-json\/wp\/v2\/users\/4"}],"replies":[{"embeddable":true,"href":"https:\/\/mgagroup.bg\/tr\/wp-json\/wp\/v2\/comments?post=15567"}],"version-history":[{"count":0,"href":"https:\/\/mgagroup.bg\/tr\/wp-json\/wp\/v2\/posts\/15567\/revisions"}],"wp:featuredmedia":[{"embeddable":true,"href":"https:\/\/mgagroup.bg\/tr\/wp-json\/wp\/v2\/media\/15529"}],"wp:attachment":[{"href":"https:\/\/mgagroup.bg\/tr\/wp-json\/wp\/v2\/media?parent=15567"}],"wp:term":[{"taxonomy":"category","embeddable":true,"href":"https:\/\/mgagroup.bg\/tr\/wp-json\/wp\/v2\/categories?post=15567"},{"taxonomy":"post_tag","embeddable":true,"href":"https:\/\/mgagroup.bg\/tr\/wp-json\/wp\/v2\/tags?post=15567"},{"taxonomy":"buildings","embeddable":true,"href":"https:\/\/mgagroup.bg\/tr\/wp-json\/wp\/v2\/buildings?post=15567"},{"taxonomy":"company","embeddable":true,"href":"https:\/\/mgagroup.bg\/tr\/wp-json\/wp\/v2\/company?post=15567"},{"taxonomy":"yst_prominent_words","embeddable":true,"href":"https:\/\/mgagroup.bg\/tr\/wp-json\/wp\/v2\/yst_prominent_words?post=15567"}],"curies":[{"name":"wp","href":"https:\/\/api.w.org\/{rel}","templated":true}]}}