{"id":23329,"date":"2025-03-27T06:29:18","date_gmt":"2025-03-27T06:29:18","guid":{"rendered":"https:\/\/mgagroup.bg\/prva-kopka-na-v-park-2\/"},"modified":"2025-03-27T06:34:36","modified_gmt":"2025-03-27T06:34:36","slug":"v-park-2-nin-temel-atma-toreni","status":"publish","type":"post","link":"https:\/\/mgagroup.bg\/tr\/v-park-2-nin-temel-atma-toreni\/","title":{"rendered":"V Park 2\u2019nin Temel Atma T\u00f6reni"},"content":{"rendered":"\n<p>V Park 2\u2019nin in\u015fas\u0131na, modern mimarisi, konforu ve i\u015flevselli\u011fiyle kentsel \u00e7evreyi zenginle\u015ftirecek yeni bir konut projesinin temelini att\u0131\u011f\u0131m\u0131z t\u00f6renle resmen ba\u015flad\u0131k.<\/p>\n\n\n\n<p>Proje, Varna\u2019n\u0131n en gelecek vadeden b\u00f6lgelerinden birinde yer almakta olup sade tasar\u0131m\u0131, y\u00fcksek kaliteli uygulamas\u0131 ve \u00f6zenle planlanm\u0131\u015f ya\u015fam alanlar\u0131 ile dikkat \u00e7ekmektedir. V Park 2, gelecekteki sakinlerine yaln\u0131zca bir konut de\u011fil, ayn\u0131 zamanda huzurlu, modern ve konforlu bir ya\u015fam ortam\u0131 sunacakt\u0131r.<\/p>\n\n\n\n<p>Geleneksel olarak temel atma t\u00f6reni, bir Ortodoks rahibi taraf\u0131ndan sa\u011fl\u0131k ve ba\u015far\u0131 dilekleriyle yap\u0131lan kutsama e\u015fli\u011finde, projeyi ger\u00e7ekle\u015ftiren ekip e\u015fli\u011finde ger\u00e7ekle\u015ftirildi.<\/p>\n\n\n\n<p>Bu ad\u0131mla birlikte, mahallenin geli\u015fiminde s\u00fcrd\u00fcr\u00fclebilir yap\u0131la\u015fma, yenilik\u00e7i yakla\u015f\u0131m ve gelecek nesillere kar\u015f\u0131 sorumluluk anlay\u0131\u015f\u0131yla yeni bir d\u00f6neme giriyoruz.<\/p>\n\n\n\n<p>V Park 2 hakk\u0131nda daha fazla bilgiye buradan ula\u015fabilirsiniz:<br>? <a href=\"https:\/\/mgagroup.bg\/tr\/building\/v-park-2\/\" target=\"_blank\" rel=\"noreferrer noopener\">https:\/\/mgagroup.bg\/tr\/building\/v-park-2\/<\/a><\/p>\n\n\n<div class=\"wp-block-image\">\n<figure class=\"aligncenter size-full\"><img loading=\"lazy\" decoding=\"async\" width=\"1280\" height=\"2560\" src=\"https:\/\/mgagroup.bg\/wp-content\/uploads\/2025\/03\/purva-kopka-v-park-2-scaled.jpg\" alt=\"\" class=\"wp-image-23320\" srcset=\"https:\/\/mgagroup.bg\/wp-content\/uploads\/2025\/03\/purva-kopka-v-park-2-scaled.jpg 1280w, https:\/\/mgagroup.bg\/wp-content\/uploads\/2025\/03\/purva-kopka-v-park-2-1920x3840.jpg 1920w\" sizes=\"auto, (max-width: 1280px) 100vw, 1280px\" \/><\/figure>\n<\/div>\n\n\n<p><\/p>\n","protected":false},"excerpt":{"rendered":"<p>V Park 2\u2019nin in\u015fas\u0131na, modern mimarisi, konforu ve i\u015flevselli\u011fiyle kentsel \u00e7evreyi zenginle\u015ftirecek yeni bir konut projesinin temelini att\u0131\u011f\u0131m\u0131z t\u00f6renle resmen ba\u015flad\u0131k. Proje, Varna\u2019n\u0131n en gelecek vadeden b\u00f6lgelerinden birinde yer almakta olup sade tasar\u0131m\u0131, y\u00fcksek kaliteli uygulamas\u0131 ve \u00f6zenle planlanm\u0131\u015f ya\u015fam alanlar\u0131 ile dikkat \u00e7ekmektedir. V Park 2, gelecekteki sakinlerine yaln\u0131zca bir konut de\u011fil, ayn\u0131 zamanda [&hellip;]<\/p>\n","protected":false},"author":4,"featured_media":23320,"comment_status":"open","ping_status":"open","sticky":false,"template":"","format":"standard","meta":{"footnotes":""},"categories":[36305],"tags":[],"buildings":[33323],"company":[36591],"yst_prominent_words":[],"class_list":["post-23329","post","type-post","status-publish","format-standard","has-post-thumbnail","hentry","category-haberler","company-mga-group-tr"],"acf":[],"_links":{"self":[{"href":"https:\/\/mgagroup.bg\/tr\/wp-json\/wp\/v2\/posts\/23329","targetHints":{"allow":["GET"]}}],"collection":[{"href":"https:\/\/mgagroup.bg\/tr\/wp-json\/wp\/v2\/posts"}],"about":[{"href":"https:\/\/mgagroup.bg\/tr\/wp-json\/wp\/v2\/types\/post"}],"author":[{"embeddable":true,"href":"https:\/\/mgagroup.bg\/tr\/wp-json\/wp\/v2\/users\/4"}],"replies":[{"embeddable":true,"href":"https:\/\/mgagroup.bg\/tr\/wp-json\/wp\/v2\/comments?post=23329"}],"version-history":[{"count":0,"href":"https:\/\/mgagroup.bg\/tr\/wp-json\/wp\/v2\/posts\/23329\/revisions"}],"wp:featuredmedia":[{"embeddable":true,"href":"https:\/\/mgagroup.bg\/tr\/wp-json\/wp\/v2\/media\/23320"}],"wp:attachment":[{"href":"https:\/\/mgagroup.bg\/tr\/wp-json\/wp\/v2\/media?parent=23329"}],"wp:term":[{"taxonomy":"category","embeddable":true,"href":"https:\/\/mgagroup.bg\/tr\/wp-json\/wp\/v2\/categories?post=23329"},{"taxonomy":"post_tag","embeddable":true,"href":"https:\/\/mgagroup.bg\/tr\/wp-json\/wp\/v2\/tags?post=23329"},{"taxonomy":"buildings","embeddable":true,"href":"https:\/\/mgagroup.bg\/tr\/wp-json\/wp\/v2\/buildings?post=23329"},{"taxonomy":"company","embeddable":true,"href":"https:\/\/mgagroup.bg\/tr\/wp-json\/wp\/v2\/company?post=23329"},{"taxonomy":"yst_prominent_words","embeddable":true,"href":"https:\/\/mgagroup.bg\/tr\/wp-json\/wp\/v2\/yst_prominent_words?post=23329"}],"curies":[{"name":"wp","href":"https:\/\/api.w.org\/{rel}","templated":true}]}}